{"id":25747,"date":"2025-04-30T12:32:10","date_gmt":"2025-04-30T12:32:10","guid":{"rendered":"https:\/\/sindpd-es.org.br\/site\/?p=25747"},"modified":"2025-04-30T12:50:07","modified_gmt":"2025-04-30T12:50:07","slug":"a-acton-e-o-sindpd-es-assinam-a-presente-nota-conjunta-quanto-a-convencao-coletiva-de-trabalho-2024-2026","status":"publish","type":"post","link":"https:\/\/sindpd-es.org.br\/site\/?p=25747","title":{"rendered":"A ACT!ON e o SINDPD\/ES,  assinam a presente Nota Conjunta quanto \u00e0 Conven\u00e7\u00e3o Coletiva de Trabalho 2024\/2026"},"content":{"rendered":"<p>\ud83d\udea8 ATEN\u00c7\u00c3O! \ud83d\udea8<\/p>\n<p>A ACT!ON e o SINDPD\/ES, assinam a presente Nota Conjunta quanto \u00e0 Conven\u00e7\u00e3o Coletiva de Trabalho 2024\/2026, registrada no Sistema Mediador sob o n\u00ba ES000443\/2024, com o objetivo de cientificar as empresas e trabalhadores quanto ao seguinte:<\/p>\n<p>\u2022 Reajuste de pisos salariais;<br \/>\n\u2022 Reajuste de demais sal\u00e1rios;<br \/>\n\u2022 Tiquetes alimenta\u00e7\u00e3o ou refei\u00e7\u00e3o;<br \/>\n\u2022 Pagamento dos sal\u00e1rios;<br \/>\n\u2022 Taxa \u00fanica de fortalecimento sindical.<\/p>\n<p>\ud83d\udca1 ACT!ON e SINDPD\/ES \ud83d\ude80<br \/>\nSomos todos tecnologia!<\/p>\n<p>#ConvencaoColetiva #EmpresasDeTecnologia #Inovacao #ACT!ON #SINDPDES\u00a0#NotaColetiva<\/p>\n<a href=\"https:\/\/sindpd-es.org.br\/site\/wp-content\/uploads\/2025\/04\/29.04_Nota_conjunta_entre_a_ACT21ON_e_o_SINDPD_ES_25_04_2025_Final_28129_assinado.pdf\" class=\"pdfemb-viewer\" style=\"\" data-width=\"max\" data-height=\"max\"  data-toolbar=\"bottom\" data-toolbar-fixed=\"off\">29.04_Nota_conjunta_entre_a_ACTON_e_o_SINDPD_ES_25_04_2025_Final_1_assinado<br\/><\/a>\n","protected":false},"excerpt":{"rendered":"<p>\ud83d\udea8 ATEN\u00c7\u00c3O! \ud83d\udea8 A ACT!ON e o SINDPD\/ES, assinam a presente Nota Conjunta quanto \u00e0 Conven\u00e7\u00e3o Coletiva de Trabalho 2024\/2026, registrada no Sistema Mediador sob o n\u00ba ES000443\/2024, com o objetivo de cientificar as empresas e trabalhadores quanto ao seguinte: \u2022 Reajuste de pisos salariais; \u2022 Reajuste de demais sal\u00e1rios; \u2022 Tiquetes alimenta\u00e7\u00e3o ou refei\u00e7\u00e3o; &hellip;<\/p>\n<p class=\"read-more\"> <a class=\"\" href=\"https:\/\/sindpd-es.org.br\/site\/?p=25747\"> <span class=\"screen-reader-text\">A ACT!ON e o SINDPD\/ES,  assinam a presente Nota Conjunta quanto \u00e0 Conven\u00e7\u00e3o Coletiva de Trabalho 2024\/2026<\/span> Leia mais &raquo;<\/a><\/p>\n","protected":false},"author":1,"featured_media":25749,"comment_status":"open","ping_status":"open","sticky":false,"template":"","format":"standard","meta":{"pgc_meta":"","site-sidebar-layout":"default","site-content-layout":"default","ast-main-header-display":"","ast-hfb-above-header-display":"","ast-hfb-below-header-display":"","ast-hfb-mobile-header-display":"","site-post-title":"","ast-breadcrumbs-content":"","ast-featured-img":"","footer-sml-layout":"","theme-transparent-header-meta":"default","adv-header-id-meta":"","stick-header-meta":"","header-above-stick-meta":"","header-main-stick-meta":"","header-below-stick-meta":"","footnotes":""},"categories":[1],"tags":[],"class_list":["post-25747","post","type-post","status-publish","format-standard","has-post-thumbnail","hentry","category-noticias"],"_links":{"self":[{"href":"https:\/\/sindpd-es.org.br\/site\/index.php?rest_route=\/wp\/v2\/posts\/25747","targetHints":{"allow":["GET"]}}],"collection":[{"href":"https:\/\/sindpd-es.org.br\/site\/index.php?rest_route=\/wp\/v2\/posts"}],"about":[{"href":"https:\/\/sindpd-es.org.br\/site\/index.php?rest_route=\/wp\/v2\/types\/post"}],"author":[{"embeddable":true,"href":"https:\/\/sindpd-es.org.br\/site\/index.php?rest_route=\/wp\/v2\/users\/1"}],"replies":[{"embeddable":true,"href":"https:\/\/sindpd-es.org.br\/site\/index.php?rest_route=%2Fwp%2Fv2%2Fcomments&post=25747"}],"version-history":[{"count":2,"href":"https:\/\/sindpd-es.org.br\/site\/index.php?rest_route=\/wp\/v2\/posts\/25747\/revisions"}],"predecessor-version":[{"id":25757,"href":"https:\/\/sindpd-es.org.br\/site\/index.php?rest_route=\/wp\/v2\/posts\/25747\/revisions\/25757"}],"wp:featuredmedia":[{"embeddable":true,"href":"https:\/\/sindpd-es.org.br\/site\/index.php?rest_route=\/wp\/v2\/media\/25749"}],"wp:attachment":[{"href":"https:\/\/sindpd-es.org.br\/site\/index.php?rest_route=%2Fwp%2Fv2%2Fmedia&parent=25747"}],"wp:term":[{"taxonomy":"category","embeddable":true,"href":"https:\/\/sindpd-es.org.br\/site\/index.php?rest_route=%2Fwp%2Fv2%2Fcategories&post=25747"},{"taxonomy":"post_tag","embeddable":true,"href":"https:\/\/sindpd-es.org.br\/site\/index.php?rest_route=%2Fwp%2Fv2%2Ftags&post=25747"}],"curies":[{"name":"wp","href":"https:\/\/api.w.org\/{rel}","templated":true}]}}