{"id":25689,"date":"2023-07-22T14:50:59","date_gmt":"2023-07-22T14:50:59","guid":{"rendered":"https:\/\/sindpd-es.org.br\/site\/?p=25689"},"modified":"2023-07-24T12:04:38","modified_gmt":"2023-07-24T12:04:38","slug":"modelo-edital-assembleia-sindpd-es","status":"publish","type":"post","link":"https:\/\/sindpd-es.org.br\/site\/?p=25689","title":{"rendered":"ASSEMBLEIA GERAL VIRTUAL DOS TRABALHADORES DA UNISYS BRASIL NO ESP\u00cdRITO SANTO"},"content":{"rendered":"<p>O Sindicato dos Trabalhadores em Tecnologia da Informa\u00e7\u00e3o e Processamento de Dados do<\/p>\n<p>Estado do Esp\u00edrito Santo, SINDPD-ES por seu diretor presidente, convoca os trabalhadores da<\/p>\n<p>empresa UNISYS BRASIL, lotados no Esp\u00edrito Santo , para participarem de Assembleia Geral &#8211;<\/p>\n<p>Extraordin\u00e1ria virtual, que ser\u00e1 realizada dia 25 de julho de 2023, excepcionalmente, por meio<\/p>\n<p>da plataforma virtual Google Meet, com acesso conforme link a seguir:<\/p>\n<p><a href=\"https:\/\/meet.google.com\/vpg-nypp-zgn\">https:\/\/meet.google.com\/vpg-nypp-zgn<\/a> e vota\u00e7\u00e3o atrav\u00e9s de formul\u00e1rio eletr\u00f4nico a ser<\/p>\n<p>Disponibilizado durante a Assembleia Virtual, \u00e0s 09h em primeira chamada e \u00e0s 09:30h em<\/p>\n<p>segunda chamada, com qualquer n\u00famero de presentes, para deliberarem sobre a seguinte<\/p>\n<p>pauta:<\/p>\n<p>&nbsp;<\/p>\n<ol>\n<li>Discuss\u00e3o e delibera\u00e7\u00e3o da nova proposta apresentada pela UNISYS BRASIL para a aditivo<\/li>\n<\/ol>\n<p>das cl\u00e1usulas econ\u00f4micas referente ao reajuste do ano de 2023 do Acordo Coletivo de<\/p>\n<p>Trabalho 2022\\2024.<\/p>\n<ol start=\"2\">\n<li>Informes de interesse da categoria.<\/li>\n<\/ol>\n<p><strong>SINDPD-ES<\/strong><\/p>\n","protected":false},"excerpt":{"rendered":"<p>O Sindicato dos Trabalhadores em Tecnologia da Informa\u00e7\u00e3o e Processamento de Dados do Estado do Esp\u00edrito Santo, SINDPD-ES por seu diretor presidente, convoca os trabalhadores da empresa UNISYS BRASIL, lotados no Esp\u00edrito Santo , para participarem de Assembleia Geral &#8211; Extraordin\u00e1ria virtual, que ser\u00e1 realizada dia 25 de julho de 2023, excepcionalmente, por meio da &hellip;<\/p>\n<p class=\"read-more\"> <a class=\"\" href=\"https:\/\/sindpd-es.org.br\/site\/?p=25689\"> <span class=\"screen-reader-text\">ASSEMBLEIA GERAL VIRTUAL DOS TRABALHADORES DA UNISYS BRASIL NO ESP\u00cdRITO SANTO<\/span> Leia mais &raquo;<\/a><\/p>\n","protected":false},"author":1,"featured_media":0,"comment_status":"open","ping_status":"open","sticky":false,"template":"","format":"standard","meta":{"pgc_meta":"","site-sidebar-layout":"default","site-content-layout":"default","ast-main-header-display":"","ast-hfb-above-header-display":"","ast-hfb-below-header-display":"","ast-hfb-mobile-header-display":"","site-post-title":"","ast-breadcrumbs-content":"","ast-featured-img":"","footer-sml-layout":"","theme-transparent-header-meta":"default","adv-header-id-meta":"","stick-header-meta":"","header-above-stick-meta":"","header-main-stick-meta":"","header-below-stick-meta":"","footnotes":""},"categories":[1],"tags":[],"class_list":["post-25689","post","type-post","status-publish","format-standard","hentry","category-noticias"],"_links":{"self":[{"href":"https:\/\/sindpd-es.org.br\/site\/index.php?rest_route=\/wp\/v2\/posts\/25689","targetHints":{"allow":["GET"]}}],"collection":[{"href":"https:\/\/sindpd-es.org.br\/site\/index.php?rest_route=\/wp\/v2\/posts"}],"about":[{"href":"https:\/\/sindpd-es.org.br\/site\/index.php?rest_route=\/wp\/v2\/types\/post"}],"author":[{"embeddable":true,"href":"https:\/\/sindpd-es.org.br\/site\/index.php?rest_route=\/wp\/v2\/users\/1"}],"replies":[{"embeddable":true,"href":"https:\/\/sindpd-es.org.br\/site\/index.php?rest_route=%2Fwp%2Fv2%2Fcomments&post=25689"}],"version-history":[{"count":2,"href":"https:\/\/sindpd-es.org.br\/site\/index.php?rest_route=\/wp\/v2\/posts\/25689\/revisions"}],"predecessor-version":[{"id":25691,"href":"https:\/\/sindpd-es.org.br\/site\/index.php?rest_route=\/wp\/v2\/posts\/25689\/revisions\/25691"}],"wp:attachment":[{"href":"https:\/\/sindpd-es.org.br\/site\/index.php?rest_route=%2Fwp%2Fv2%2Fmedia&parent=25689"}],"wp:term":[{"taxonomy":"category","embeddable":true,"href":"https:\/\/sindpd-es.org.br\/site\/index.php?rest_route=%2Fwp%2Fv2%2Fcategories&post=25689"},{"taxonomy":"post_tag","embeddable":true,"href":"https:\/\/sindpd-es.org.br\/site\/index.php?rest_route=%2Fwp%2Fv2%2Ftags&post=25689"}],"curies":[{"name":"wp","href":"https:\/\/api.w.org\/{rel}","templated":true}]}}