{"id":25646,"date":"2023-04-27T17:11:20","date_gmt":"2023-04-27T17:11:20","guid":{"rendered":"https:\/\/sindpd-es.org.br\/site\/?p=25646"},"modified":"2023-04-27T17:11:20","modified_gmt":"2023-04-27T17:11:20","slug":"assembleia-geral-virtual-extraordinaria-sindpd-es","status":"publish","type":"post","link":"https:\/\/sindpd-es.org.br\/site\/?p=25646","title":{"rendered":"ASSEMBL\u00c9IA GERAL VIRTUAL EXTRAORDIN\u00c1RIA &#8211; SINDPD\/ES"},"content":{"rendered":"<p>EDITAL DE CONVOCA\u00c7\u00c3O<\/p>\n<p>ASSEMBL\u00c9IA GERAL VIRTUAL EXTRAORDIN\u00c1RIA<\/p>\n<p>Devido os trabalhadores das Empresas Particulares de T.I. estarem em sua maioria em trabalho home office, e o seu per\u00edodo ser feito integralmente de casa, o SINDPD\/ES fica impossibilitado de realizar Assembleias presenciais. Em virtude dos fatos mencionados, o Sindicato dos Trabalhadores em Tecnologia da Informa\u00e7\u00e3o e Processamento de Dados do Estado do Esp\u00edrito Santo, na forma de seu Estatuto Social, convoca todos os Trabalhadores das Empresas Particulares de T.I. e Processamento de Dados filiados ou n\u00e3o, para a assembleia geral extraordin\u00e1ria virtual no dia 02\/05\/2023 (ter\u00e7a-feira), \u00e0s 10 horas com qualquer n\u00famero de presentes, a realizar-se virtualmente<\/p>\n<p>ASSEMBL\u00c9IA GERAL VIRTUAL EXTRAORDIN\u00c1RIA &#8211; SINDPD\/ES<\/p>\n<p>Ter\u00e7a-feira, 2 de maio\u22c510:00 at\u00e9 12:00<\/p>\n<p>Click the following link to join the meeting from your computer:<br \/>\nhttps:\/\/meet.jit.si\/StructuralDogsCopyTenderly<\/p>\n<p>Nas seguintes ordens do dia:<\/p>\n<p>a) Avalia\u00e7\u00e3o, discuss\u00e3o e aprova\u00e7\u00e3o ou n\u00e3o da Proposta Sindinfo(sindicato Patronal) para assinatura do Termo Aditivo 2023\/2024 da Conven\u00e7\u00e3o Coletiva de Trabalho 2022\/2024 vigente;<\/p>\n<p>b) Aprova\u00e7\u00e3o da taxa negocial \u00fanica, volunt\u00e1ria de 2% sobre o sal\u00e1rio base, com direito a oposi\u00e7\u00e3o do trabalhador(a), para a manuten\u00e7\u00e3o das atividades e estrutura do sindicato, assim como: pagar despesas como a assessoria jur\u00eddica, funcion\u00e1rios e editais de divulga\u00e7\u00e3o das assembleias, durante as negocia\u00e7\u00f5es do Termo Aditivo Coletivo de Trabalho 2023\/2024;<\/p>\n<p>SEGUE EM ANEXO A PROPOSTA DO PATRONAL<\/p>\n<p>Vit\u00f3ria, ES, 27 de Abril de 2023.<\/p>\n<p>Luis Carlos Garcia<br \/>\nDiretor Presidente<\/p>\n<a href=\"https:\/\/sindpd-es.org.br\/site\/wp-content\/uploads\/2023\/04\/Proposta-Patronal-SINDINFO-2023.pdf\" class=\"pdfemb-viewer\" style=\"\" data-width=\"max\" data-height=\"max\"  data-toolbar=\"bottom\" data-toolbar-fixed=\"off\">Proposta Patronal SINDINFO 2023<br\/><\/a>\n","protected":false},"excerpt":{"rendered":"<p>EDITAL DE CONVOCA\u00c7\u00c3O ASSEMBL\u00c9IA GERAL VIRTUAL EXTRAORDIN\u00c1RIA Devido os trabalhadores das Empresas Particulares de T.I. estarem em sua maioria em trabalho home office, e o seu per\u00edodo ser feito integralmente de casa, o SINDPD\/ES fica impossibilitado de realizar Assembleias presenciais. Em virtude dos fatos mencionados, o Sindicato dos Trabalhadores em Tecnologia da Informa\u00e7\u00e3o e Processamento &hellip;<\/p>\n<p class=\"read-more\"> <a class=\"\" href=\"https:\/\/sindpd-es.org.br\/site\/?p=25646\"> <span class=\"screen-reader-text\">ASSEMBL\u00c9IA GERAL VIRTUAL EXTRAORDIN\u00c1RIA &#8211; SINDPD\/ES<\/span> Leia mais &raquo;<\/a><\/p>\n","protected":false},"author":2,"featured_media":0,"comment_status":"open","ping_status":"open","sticky":false,"template":"","format":"standard","meta":{"pgc_meta":"","site-sidebar-layout":"default","site-content-layout":"default","ast-main-header-display":"","ast-hfb-above-header-display":"","ast-hfb-below-header-display":"","ast-hfb-mobile-header-display":"","site-post-title":"","ast-breadcrumbs-content":"","ast-featured-img":"","footer-sml-layout":"","theme-transparent-header-meta":"default","adv-header-id-meta":"","stick-header-meta":"","header-above-stick-meta":"","header-main-stick-meta":"","header-below-stick-meta":"","footnotes":""},"categories":[1],"tags":[],"class_list":["post-25646","post","type-post","status-publish","format-standard","hentry","category-noticias"],"_links":{"self":[{"href":"https:\/\/sindpd-es.org.br\/site\/index.php?rest_route=\/wp\/v2\/posts\/25646","targetHints":{"allow":["GET"]}}],"collection":[{"href":"https:\/\/sindpd-es.org.br\/site\/index.php?rest_route=\/wp\/v2\/posts"}],"about":[{"href":"https:\/\/sindpd-es.org.br\/site\/index.php?rest_route=\/wp\/v2\/types\/post"}],"author":[{"embeddable":true,"href":"https:\/\/sindpd-es.org.br\/site\/index.php?rest_route=\/wp\/v2\/users\/2"}],"replies":[{"embeddable":true,"href":"https:\/\/sindpd-es.org.br\/site\/index.php?rest_route=%2Fwp%2Fv2%2Fcomments&post=25646"}],"version-history":[{"count":1,"href":"https:\/\/sindpd-es.org.br\/site\/index.php?rest_route=\/wp\/v2\/posts\/25646\/revisions"}],"predecessor-version":[{"id":25648,"href":"https:\/\/sindpd-es.org.br\/site\/index.php?rest_route=\/wp\/v2\/posts\/25646\/revisions\/25648"}],"wp:attachment":[{"href":"https:\/\/sindpd-es.org.br\/site\/index.php?rest_route=%2Fwp%2Fv2%2Fmedia&parent=25646"}],"wp:term":[{"taxonomy":"category","embeddable":true,"href":"https:\/\/sindpd-es.org.br\/site\/index.php?rest_route=%2Fwp%2Fv2%2Fcategories&post=25646"},{"taxonomy":"post_tag","embeddable":true,"href":"https:\/\/sindpd-es.org.br\/site\/index.php?rest_route=%2Fwp%2Fv2%2Ftags&post=25646"}],"curies":[{"name":"wp","href":"https:\/\/api.w.org\/{rel}","templated":true}]}}