{"id":25556,"date":"2023-01-12T21:21:44","date_gmt":"2023-01-12T21:21:44","guid":{"rendered":"https:\/\/sindpd-es.org.br\/site\/?p=25556"},"modified":"2023-01-12T21:30:32","modified_gmt":"2023-01-12T21:30:32","slug":"servidores-do-prodest-decidem-entrar-em-greve-por-tempo-indeterminado","status":"publish","type":"post","link":"https:\/\/sindpd-es.org.br\/site\/?p=25556","title":{"rendered":"SERVIDORES DO PRODEST, DECIDEM ENTRAR EM GREVE POR TEMPO INDETERMINADO"},"content":{"rendered":"<p>COMUNICADO DE GREVE POR TEMPO INDERTEMINADO<\/p>\n<p>O SINDPD-ES \u2013 Sindicato dos Trabalhadores de Processamento de Dados do Estado do Esp\u00edrito Santo, representado neste ato por seu Diretor Presidente, Luis Carlos Garcia (Mussula), manifesta-se por meio do presente comunicado:<\/p>\n<p>Em respeito \u00e0 Sociedade do Estado do Esp\u00edrito Santo, comunico que os Servidores do PRODEST, reunidos em Assembleia Geral Extraordin\u00e1ria, realizada \u00e0s quinze horas e quinze minutos do dia 09 de janeiro de 2023, em segunda chamada, deliberaram, por maioria de votos dos presentes, pela deflagra\u00e7\u00e3o de GREVE POR TEMPO INDETERMINADO a partir das zero horas do dia 23 de janeiro do ano corrente. Ressalta-se, ainda, que a decis\u00e3o de DEFLAGRA\u00c7\u00c3O DE GREVE POR TEMPO INDETERMINADO, \u00e9 decorrente do descumprimento do acordo de datas assumido pela PRODEST, Seger e Seg, sobretudo nas principais pautas imediatas: Concurso P\u00fablico e Recomposi\u00e7\u00e3o Salarial e de Pessoal.<\/p>\n<p>Tal conduta piorou as m\u00e1s condi\u00e7\u00f5es de trabalho gerada pela sa\u00edda de Analistas de Tecnologia da Informa\u00e7\u00e3o e demais servidores, cujas vac\u00e2ncias permaneceram sem recomposi\u00e7\u00e3o.<\/p>\n<p>Nossa espera mais sentida ultrapassou o per\u00edodo de pandemia.<\/p>\n<p>A promessa de investimento em Tecnologia da Informa\u00e7\u00e3o e Comunica\u00e7\u00e3o e a valoriza\u00e7\u00e3o do profissional que presta este servi\u00e7o ficou no papel. Mesmo assim, todos os servidores do\u00a0<a href=\"https:\/\/www.instagram.com\/prodest_es\/\">PRODEST<\/a>\u00a0permaneceram firmes e incans\u00e1veis para ofertar o melhor para a sociedade, mesmo com a perda de excelentes profissionais, n\u00e3o somente, mas, principalmente, nesses 3 \u00faltimos anos, para iniciativa privada e p\u00fablica.<\/p>\n<div id='gallery-1' class='gallery galleryid-25556 gallery-columns-6 gallery-size-thumbnail'><figure class='gallery-item'>\n\t\t\t<div class='gallery-icon landscape'>\n\t\t\t\t<a href='https:\/\/sindpd-es.org.br\/site\/wp-content\/uploads\/2023\/01\/WhatsApp-Image-2023-01-09-at-16.30.55-2.jpeg'><img loading=\"lazy\" decoding=\"async\" width=\"150\" height=\"150\" src=\"https:\/\/sindpd-es.org.br\/site\/wp-content\/uploads\/2023\/01\/WhatsApp-Image-2023-01-09-at-16.30.55-2-150x150.jpeg\" class=\"attachment-thumbnail size-thumbnail\" alt=\"\" srcset=\"https:\/\/sindpd-es.org.br\/site\/wp-content\/uploads\/2023\/01\/WhatsApp-Image-2023-01-09-at-16.30.55-2-150x150.jpeg 150w, https:\/\/sindpd-es.org.br\/site\/wp-content\/uploads\/2023\/01\/WhatsApp-Image-2023-01-09-at-16.30.55-2-300x300.jpeg 300w, https:\/\/sindpd-es.org.br\/site\/wp-content\/uploads\/2023\/01\/WhatsApp-Image-2023-01-09-at-16.30.55-2-100x100.jpeg 100w\" sizes=\"auto, (max-width: 150px) 100vw, 150px\" \/><\/a>\n\t\t\t<\/div><\/figure><figure class='gallery-item'>\n\t\t\t<div class='gallery-icon landscape'>\n\t\t\t\t<a href='https:\/\/sindpd-es.org.br\/site\/wp-content\/uploads\/2023\/01\/WhatsApp-Image-2023-01-09-at-16.30.55.jpeg'><img loading=\"lazy\" decoding=\"async\" width=\"150\" height=\"150\" src=\"https:\/\/sindpd-es.org.br\/site\/wp-content\/uploads\/2023\/01\/WhatsApp-Image-2023-01-09-at-16.30.55-150x150.jpeg\" class=\"attachment-thumbnail size-thumbnail\" alt=\"\" srcset=\"https:\/\/sindpd-es.org.br\/site\/wp-content\/uploads\/2023\/01\/WhatsApp-Image-2023-01-09-at-16.30.55-150x150.jpeg 150w, https:\/\/sindpd-es.org.br\/site\/wp-content\/uploads\/2023\/01\/WhatsApp-Image-2023-01-09-at-16.30.55-300x300.jpeg 300w, https:\/\/sindpd-es.org.br\/site\/wp-content\/uploads\/2023\/01\/WhatsApp-Image-2023-01-09-at-16.30.55-100x100.jpeg 100w\" sizes=\"auto, (max-width: 150px) 100vw, 150px\" \/><\/a>\n\t\t\t<\/div><\/figure><figure class='gallery-item'>\n\t\t\t<div class='gallery-icon landscape'>\n\t\t\t\t<a href='https:\/\/sindpd-es.org.br\/site\/wp-content\/uploads\/2023\/01\/WhatsApp-Image-2023-01-09-at-16.30.55-1.jpeg'><img loading=\"lazy\" decoding=\"async\" width=\"150\" height=\"150\" src=\"https:\/\/sindpd-es.org.br\/site\/wp-content\/uploads\/2023\/01\/WhatsApp-Image-2023-01-09-at-16.30.55-1-150x150.jpeg\" class=\"attachment-thumbnail size-thumbnail\" alt=\"\" srcset=\"https:\/\/sindpd-es.org.br\/site\/wp-content\/uploads\/2023\/01\/WhatsApp-Image-2023-01-09-at-16.30.55-1-150x150.jpeg 150w, https:\/\/sindpd-es.org.br\/site\/wp-content\/uploads\/2023\/01\/WhatsApp-Image-2023-01-09-at-16.30.55-1-300x300.jpeg 300w, https:\/\/sindpd-es.org.br\/site\/wp-content\/uploads\/2023\/01\/WhatsApp-Image-2023-01-09-at-16.30.55-1-100x100.jpeg 100w\" sizes=\"auto, (max-width: 150px) 100vw, 150px\" \/><\/a>\n\t\t\t<\/div><\/figure><figure class='gallery-item'>\n\t\t\t<div class='gallery-icon landscape'>\n\t\t\t\t<a href='https:\/\/sindpd-es.org.br\/site\/wp-content\/uploads\/2023\/01\/WhatsApp-Image-2023-01-09-at-16.30.56.jpeg'><img loading=\"lazy\" decoding=\"async\" width=\"150\" height=\"150\" src=\"https:\/\/sindpd-es.org.br\/site\/wp-content\/uploads\/2023\/01\/WhatsApp-Image-2023-01-09-at-16.30.56-150x150.jpeg\" class=\"attachment-thumbnail size-thumbnail\" alt=\"\" srcset=\"https:\/\/sindpd-es.org.br\/site\/wp-content\/uploads\/2023\/01\/WhatsApp-Image-2023-01-09-at-16.30.56-150x150.jpeg 150w, https:\/\/sindpd-es.org.br\/site\/wp-content\/uploads\/2023\/01\/WhatsApp-Image-2023-01-09-at-16.30.56-300x300.jpeg 300w, https:\/\/sindpd-es.org.br\/site\/wp-content\/uploads\/2023\/01\/WhatsApp-Image-2023-01-09-at-16.30.56-100x100.jpeg 100w\" sizes=\"auto, (max-width: 150px) 100vw, 150px\" \/><\/a>\n\t\t\t<\/div><\/figure><figure class='gallery-item'>\n\t\t\t<div class='gallery-icon landscape'>\n\t\t\t\t<a href='https:\/\/sindpd-es.org.br\/site\/wp-content\/uploads\/2023\/01\/WhatsApp-Image-2023-01-09-at-16.30.56-1.jpeg'><img loading=\"lazy\" decoding=\"async\" width=\"150\" height=\"150\" src=\"https:\/\/sindpd-es.org.br\/site\/wp-content\/uploads\/2023\/01\/WhatsApp-Image-2023-01-09-at-16.30.56-1-150x150.jpeg\" class=\"attachment-thumbnail size-thumbnail\" alt=\"\" srcset=\"https:\/\/sindpd-es.org.br\/site\/wp-content\/uploads\/2023\/01\/WhatsApp-Image-2023-01-09-at-16.30.56-1-150x150.jpeg 150w, https:\/\/sindpd-es.org.br\/site\/wp-content\/uploads\/2023\/01\/WhatsApp-Image-2023-01-09-at-16.30.56-1-300x300.jpeg 300w, https:\/\/sindpd-es.org.br\/site\/wp-content\/uploads\/2023\/01\/WhatsApp-Image-2023-01-09-at-16.30.56-1-100x100.jpeg 100w\" sizes=\"auto, (max-width: 150px) 100vw, 150px\" \/><\/a>\n\t\t\t<\/div><\/figure><figure class='gallery-item'>\n\t\t\t<div class='gallery-icon landscape'>\n\t\t\t\t<a href='https:\/\/sindpd-es.org.br\/site\/wp-content\/uploads\/2023\/01\/WhatsApp-Image-2023-01-09-at-16.30.54.jpeg'><img loading=\"lazy\" decoding=\"async\" width=\"150\" height=\"150\" src=\"https:\/\/sindpd-es.org.br\/site\/wp-content\/uploads\/2023\/01\/WhatsApp-Image-2023-01-09-at-16.30.54-150x150.jpeg\" class=\"attachment-thumbnail size-thumbnail\" alt=\"\" srcset=\"https:\/\/sindpd-es.org.br\/site\/wp-content\/uploads\/2023\/01\/WhatsApp-Image-2023-01-09-at-16.30.54-150x150.jpeg 150w, https:\/\/sindpd-es.org.br\/site\/wp-content\/uploads\/2023\/01\/WhatsApp-Image-2023-01-09-at-16.30.54-300x300.jpeg 300w, https:\/\/sindpd-es.org.br\/site\/wp-content\/uploads\/2023\/01\/WhatsApp-Image-2023-01-09-at-16.30.54-100x100.jpeg 100w\" sizes=\"auto, (max-width: 150px) 100vw, 150px\" \/><\/a>\n\t\t\t<\/div><\/figure>\n\t\t<\/div>\n\n<p>Profissionais Especializados de Tecnologia demandam investimento.<\/p>\n<p>N\u00e3o \u00e9 poss\u00edvel persistir em fazer mais, com ainda menos trabalhadores. S\u00e3o muitas perdas em quase 10 anos.<\/p>\n<p>Reconhecer, valorizar, investir, manter e conquistar novos talentos \u00e9 evitar o retrocesso tecnol\u00f3gico do Estado.<\/p>\n<p>TI forte significa mais servi\u00e7os digitais, mais economia, mais reconhecimento nacional do Estado, mais e melhores solu\u00e7\u00f5es e atendimentos para o pr\u00f3prio Governo do Estado e a sociedade.<\/p>\n<p>Somos parte integrante na conquista de premia\u00e7\u00f5es importantes tal como o de melhor Transpar\u00eancia com os Gastos P\u00fablicos durante a Pandemia, dentre outros.<\/p>\n<p>Por isso, para lutar por esses direitos e pelo reconhecimento que o mercado privado e p\u00fablico local e nacional praticam, espera-se que o Governo Estadual assuma suas responsabilidades e estabele\u00e7a um processo respeitoso de negocia\u00e7\u00e3o das reivindica\u00e7\u00f5es, evitando a continuidade do sofrimento dos servidores e a degrada\u00e7\u00e3o do patrim\u00f4nio humano da autarquia, essencial para que o Estado seja efetivamente beneficiado pela Tecnologia da Informa\u00e7\u00e3o e Comunica\u00e7\u00e3o.<\/p>\n<p><strong>Greve dos servidores do Prodest pode comprometer\u00a0o pagamento de benef\u00edcios sociais e sal\u00e1rios dos\u00a0 servidores estaduais.<\/strong><\/p>\n<p>Desde Dezembro de 2021 o Sindicato est\u00e1 em um\u00a0processo de negocia\u00e7\u00e3o com a SEGER e a diretoria do Prodest.Os servidores reivindicam a readequa\u00e7\u00e3o da carreira de TI para reten\u00e7\u00e3o de talentos e estancamento da evas\u00e3o de analistas, recompondo seus valores nos moldes do mercado p\u00fablico e privado, bem como a realiza\u00e7\u00e3o de concurso para a autarquia.<\/p>\n<p>Com a GREVE DOS\u00a0 SERVIDORES DO PRODEST,\u00a0\u00a0alguns servi\u00e7os essenciais a popula\u00e7\u00e3o capixaba como\u00a0pagamento de benef\u00edcios sociais, como Bolsa Capixaba, podem ficar comprometidos. Outros sistemas cr\u00edticos que dependem diretamente da atua\u00e7\u00e3o do Prodest como E-Docs, Sistema de Agendamento do ES (Agenda ES), al\u00e9m de todos os servi\u00e7os do Detran e a folha de pagamento dos servidores do Estado, tais como professores, policiais, m\u00e9dicos e enfermeiros, podem ser impactados com a paralisa\u00e7\u00e3o.<\/p>\n<p>Para que se preserve o interesse da popula\u00e7\u00e3o, benefici\u00e1ria dos servi\u00e7os do PRODEST, esperamos que todas as reivindica\u00e7\u00f5es sejam efetivamente apreciadas, buscando-se um entendimento que corresponda aos anseios dos Servidores que foram simplesmente ignorados, de forma literal ou tacitamente.<\/p>\n<p>Respeito aos trabalhadores do PRODEST!<\/p>\n<p>Estaremos em GREVE GERAL at\u00e9 o Governo atender as nossas reivindica\u00e7\u00f5es.<\/p>\n<p>\u00c9 o que alerta o presidente do Sindicato de Processamento de Dados e Inform\u00e1tica do Esp\u00edrito Santo (SINDPD),<\/p>\n<p>Luiz Carlos Garcia (Mussula.)<\/p>\n<p>SINDPD-ES<\/p>\n","protected":false},"excerpt":{"rendered":"<p>COMUNICADO DE GREVE POR TEMPO INDERTEMINADO O SINDPD-ES \u2013 Sindicato dos Trabalhadores de Processamento de Dados do Estado do Esp\u00edrito Santo, representado neste ato por seu Diretor Presidente, Luis Carlos Garcia (Mussula), manifesta-se por meio do presente comunicado: Em respeito \u00e0 Sociedade do Estado do Esp\u00edrito Santo, comunico que os Servidores do PRODEST, reunidos em &hellip;<\/p>\n<p class=\"read-more\"> <a class=\"\" href=\"https:\/\/sindpd-es.org.br\/site\/?p=25556\"> <span class=\"screen-reader-text\">SERVIDORES DO PRODEST, DECIDEM ENTRAR EM GREVE POR TEMPO INDETERMINADO<\/span> Leia mais &raquo;<\/a><\/p>\n","protected":false},"author":2,"featured_media":0,"comment_status":"open","ping_status":"open","sticky":false,"template":"","format":"standard","meta":{"pgc_meta":"","site-sidebar-layout":"default","site-content-layout":"default","ast-main-header-display":"","ast-hfb-above-header-display":"","ast-hfb-below-header-display":"","ast-hfb-mobile-header-display":"","site-post-title":"","ast-breadcrumbs-content":"","ast-featured-img":"","footer-sml-layout":"","theme-transparent-header-meta":"default","adv-header-id-meta":"","stick-header-meta":"","header-above-stick-meta":"","header-main-stick-meta":"","header-below-stick-meta":"","footnotes":""},"categories":[1],"tags":[],"class_list":["post-25556","post","type-post","status-publish","format-standard","hentry","category-noticias"],"_links":{"self":[{"href":"https:\/\/sindpd-es.org.br\/site\/index.php?rest_route=\/wp\/v2\/posts\/25556","targetHints":{"allow":["GET"]}}],"collection":[{"href":"https:\/\/sindpd-es.org.br\/site\/index.php?rest_route=\/wp\/v2\/posts"}],"about":[{"href":"https:\/\/sindpd-es.org.br\/site\/index.php?rest_route=\/wp\/v2\/types\/post"}],"author":[{"embeddable":true,"href":"https:\/\/sindpd-es.org.br\/site\/index.php?rest_route=\/wp\/v2\/users\/2"}],"replies":[{"embeddable":true,"href":"https:\/\/sindpd-es.org.br\/site\/index.php?rest_route=%2Fwp%2Fv2%2Fcomments&post=25556"}],"version-history":[{"count":4,"href":"https:\/\/sindpd-es.org.br\/site\/index.php?rest_route=\/wp\/v2\/posts\/25556\/revisions"}],"predecessor-version":[{"id":25583,"href":"https:\/\/sindpd-es.org.br\/site\/index.php?rest_route=\/wp\/v2\/posts\/25556\/revisions\/25583"}],"wp:attachment":[{"href":"https:\/\/sindpd-es.org.br\/site\/index.php?rest_route=%2Fwp%2Fv2%2Fmedia&parent=25556"}],"wp:term":[{"taxonomy":"category","embeddable":true,"href":"https:\/\/sindpd-es.org.br\/site\/index.php?rest_route=%2Fwp%2Fv2%2Fcategories&post=25556"},{"taxonomy":"post_tag","embeddable":true,"href":"https:\/\/sindpd-es.org.br\/site\/index.php?rest_route=%2Fwp%2Fv2%2Ftags&post=25556"}],"curies":[{"name":"wp","href":"https:\/\/api.w.org\/{rel}","templated":true}]}}