{"id":25512,"date":"2022-12-07T21:11:15","date_gmt":"2022-12-07T21:11:15","guid":{"rendered":"https:\/\/sindpd-es.org.br\/site\/?p=25512"},"modified":"2023-01-12T21:19:26","modified_gmt":"2023-01-12T21:19:26","slug":"servidores-do-prodest-fazem-protesto-em-frente-a-sede-da-autarquia-entenda","status":"publish","type":"post","link":"https:\/\/sindpd-es.org.br\/site\/?p=25512","title":{"rendered":"Servidores do PRODEST fazem protesto em  frente \u00e0 sede da autarquia. Entenda!"},"content":{"rendered":"<p><img loading=\"lazy\" decoding=\"async\" class=\"aligncenter wp-image-25516 size-full\" src=\"https:\/\/sindpd-es.org.br\/site\/wp-content\/uploads\/2022\/12\/Prodest3.png\" alt=\"\" width=\"1600\" height=\"600\" srcset=\"https:\/\/sindpd-es.org.br\/site\/wp-content\/uploads\/2022\/12\/Prodest3.png 1600w, https:\/\/sindpd-es.org.br\/site\/wp-content\/uploads\/2022\/12\/Prodest3-300x113.png 300w, https:\/\/sindpd-es.org.br\/site\/wp-content\/uploads\/2022\/12\/Prodest3-1024x384.png 1024w, https:\/\/sindpd-es.org.br\/site\/wp-content\/uploads\/2022\/12\/Prodest3-768x288.png 768w, https:\/\/sindpd-es.org.br\/site\/wp-content\/uploads\/2022\/12\/Prodest3-1536x576.png 1536w, https:\/\/sindpd-es.org.br\/site\/wp-content\/uploads\/2022\/12\/Prodest3-600x225.png 600w\" sizes=\"auto, (max-width: 1600px) 100vw, 1600px\" \/><\/p>\n<p>O INSTITUTO DE TECNOLOGIA DA INFORMA\u00c7\u00c3O E COMUNICA\u00c7\u00c3O DO ESP\u00cdRITO SANTO (PRODEST), autarquia respons\u00e1vel pelo provimentos de solu\u00e7\u00f5es especializadas\u00a0 de TIC aos \u00f3rg\u00e3os do poder executivo do ES, a exemplo do que tem ocorrido no mercado privado e governamental, precisa valorizar seus servidores por meio de pol\u00edticas eficazes em reten\u00e7\u00e3o e reposi\u00e7\u00e3o da for\u00e7a de trabalho. Pol\u00edticas de valoriza\u00e7\u00e3o deficit\u00e1rias resultam em n\u00famero crescente de servidores perdidos para a iniciativa privada, outros entes federativos e at\u00e9 mesmo organiza\u00e7\u00f5es locais de economia mista como o Banestes, por exemplo. Este \u00e9 o cen\u00e1rio por que passa o PRODEST.<\/p>\n<p>&nbsp;<\/p>\n<p><strong>A REESTRUTURA\u00c7\u00c3O DA TI \u00c9 FUNDAMENTAL PARA A SUSTENTABILIDADE DOS SERVI\u00c7OS P\u00daBLICOS.<\/strong><\/p>\n<p>&nbsp;<\/p>\n<p>Nesta ter\u00e7a feira, 6 de dezembro de 2022, os servidores do PRODEST se reuniram em ASSEMBLEIA GERAL EXTRAORDIN\u00c1RIA, convocada pelo SINDPD-ES, para UM ATO DE PROTESTO, reivindicando <strong>RECOMPOSI\u00c7\u00c3O SALARIAL, CONCURSO P\u00daBLICO PARA TODAS AS CARREIRAS,\u00a0 VALORIZA\u00c7\u00c3O DA CATEGORIA e REESTRUTURA\u00c7\u00c3O DA AUTARQUIA.<\/strong><\/p>\n<p>O SINDPD est\u00e1 h\u00e1 mais de DOZE MESES em negocia\u00e7\u00e3o com o Governo do ES e as demandas urgentes ainda n\u00e3o foram sanadas. N\u00c3O AGUENTAMOS MAIS!<\/p>\n<p><strong>O GOVERNO DO ES EST\u00c1 NA CONTRAM\u00c3O DO MERCADO DE TI. CHEGA!!!<\/strong><\/p>\n<p>&nbsp;<\/p>\n<p>Os servidores do PRODEST est\u00e3o em cont\u00ednua movimenta\u00e7\u00e3o com protestos e manifesta\u00e7\u00f5es em prol da valoriza\u00e7\u00e3o da categoria e moderniza\u00e7\u00e3o da autarquia.<\/p>\n<p>Investimento em tecnologia \u00e9 estrat\u00e9gia para colocar o Estado em outro patamar de desenvolvimento econ\u00f4mico e social.<\/p>\n<p>Reconhecida a urgente e priorit\u00e1ria necessidade de ESTANCAR a atual situa\u00e7\u00e3o, impedindo novas vac\u00e2ncias provocadas pela evas\u00e3o de talentos, emerge a imediata necessidade de recomposi\u00e7\u00e3o salarial das carreiras.<\/p>\n<p>Somente assim, o Concurso P\u00fablico da Autarquia ser\u00e1 mais atrativo e conquistar\u00e1 profissionais melhor especializados, relata a Categoria. Com isso, ser\u00e1 iniciado um novo posicionamento da TI do Estado, de acordo com o atual cen\u00e1rio tecnol\u00f3gico mundial, com reflexos imediatos na presta\u00e7\u00e3o de servi\u00e7os p\u00fablicos do estado.<\/p>\n<p>&nbsp;<\/p>\n<p><strong>ESTAMOS EM ESTADO DE SOBREVIV\u00caNCIA!<\/strong><\/p>\n","protected":false},"excerpt":{"rendered":"<p>O INSTITUTO DE TECNOLOGIA DA INFORMA\u00c7\u00c3O E COMUNICA\u00c7\u00c3O DO ESP\u00cdRITO SANTO (PRODEST), autarquia respons\u00e1vel pelo provimentos de solu\u00e7\u00f5es especializadas\u00a0 de TIC aos \u00f3rg\u00e3os do poder executivo do ES, a exemplo do que tem ocorrido no mercado privado e governamental, precisa valorizar seus servidores por meio de pol\u00edticas eficazes em reten\u00e7\u00e3o e reposi\u00e7\u00e3o da for\u00e7a de &hellip;<\/p>\n<p class=\"read-more\"> <a class=\"\" href=\"https:\/\/sindpd-es.org.br\/site\/?p=25512\"> <span class=\"screen-reader-text\">Servidores do PRODEST fazem protesto em  frente \u00e0 sede da autarquia. Entenda!<\/span> Leia mais &raquo;<\/a><\/p>\n","protected":false},"author":2,"featured_media":0,"comment_status":"open","ping_status":"open","sticky":false,"template":"","format":"standard","meta":{"pgc_meta":"","site-sidebar-layout":"default","site-content-layout":"default","ast-main-header-display":"","ast-hfb-above-header-display":"","ast-hfb-below-header-display":"","ast-hfb-mobile-header-display":"","site-post-title":"","ast-breadcrumbs-content":"","ast-featured-img":"","footer-sml-layout":"","theme-transparent-header-meta":"default","adv-header-id-meta":"","stick-header-meta":"","header-above-stick-meta":"","header-main-stick-meta":"","header-below-stick-meta":"","footnotes":""},"categories":[1],"tags":[],"class_list":["post-25512","post","type-post","status-publish","format-standard","hentry","category-noticias"],"_links":{"self":[{"href":"https:\/\/sindpd-es.org.br\/site\/index.php?rest_route=\/wp\/v2\/posts\/25512","targetHints":{"allow":["GET"]}}],"collection":[{"href":"https:\/\/sindpd-es.org.br\/site\/index.php?rest_route=\/wp\/v2\/posts"}],"about":[{"href":"https:\/\/sindpd-es.org.br\/site\/index.php?rest_route=\/wp\/v2\/types\/post"}],"author":[{"embeddable":true,"href":"https:\/\/sindpd-es.org.br\/site\/index.php?rest_route=\/wp\/v2\/users\/2"}],"replies":[{"embeddable":true,"href":"https:\/\/sindpd-es.org.br\/site\/index.php?rest_route=%2Fwp%2Fv2%2Fcomments&post=25512"}],"version-history":[{"count":2,"href":"https:\/\/sindpd-es.org.br\/site\/index.php?rest_route=\/wp\/v2\/posts\/25512\/revisions"}],"predecessor-version":[{"id":25557,"href":"https:\/\/sindpd-es.org.br\/site\/index.php?rest_route=\/wp\/v2\/posts\/25512\/revisions\/25557"}],"wp:attachment":[{"href":"https:\/\/sindpd-es.org.br\/site\/index.php?rest_route=%2Fwp%2Fv2%2Fmedia&parent=25512"}],"wp:term":[{"taxonomy":"category","embeddable":true,"href":"https:\/\/sindpd-es.org.br\/site\/index.php?rest_route=%2Fwp%2Fv2%2Fcategories&post=25512"},{"taxonomy":"post_tag","embeddable":true,"href":"https:\/\/sindpd-es.org.br\/site\/index.php?rest_route=%2Fwp%2Fv2%2Ftags&post=25512"}],"curies":[{"name":"wp","href":"https:\/\/api.w.org\/{rel}","templated":true}]}}