{"id":25442,"date":"2022-05-13T14:04:22","date_gmt":"2022-05-13T14:04:22","guid":{"rendered":"https:\/\/sindpd-es.org.br\/site\/?p=25442"},"modified":"2022-07-13T16:32:44","modified_gmt":"2022-07-13T16:32:44","slug":"campanha-salarial-2022-2024","status":"publish","type":"post","link":"https:\/\/sindpd-es.org.br\/site\/?p=25442","title":{"rendered":"CAMPANHA SALARIAL 2022\/2024"},"content":{"rendered":"<p>Profissionais de T.I do Estado do Espirito Santo, aprovam Reajuste de 12% para 1\u00b0Maio de 2022.<\/p>\n<p>Na manh\u00e3 da \u00faltima ter\u00e7a-feira (10), os trabalhadores de T.I do Estado do Espirito Santo, representado pela SINDPD\/ES participaram em peso da ASSEMBLEIA GERAL EXTRAORDINARIA VIRTUAL e aprovaram a proposta de reajuste salarialalcan\u00e7ada pelo sindicato nas negocia\u00e7\u00f5es. Com pagamento retroativo ao m\u00eas de maio\/2022, os trabalhadores\/as ter\u00e3o acrescidos nos sal\u00e1rios o percentual de 12%que incide no piso salarial da categoria. Aprovaram tamb\u00e9m o reajuste do t\u00edquete de Alimenta\u00e7\u00e3o que era R$ 21,00 passa-se para R$ 24,50(vinte e quatro reais e cinquenta centavos), para as empresas que pagam acima de R$ 21,00 o reajuste \u00e9 de 16,67%(dezesseis virgula sessenta e sete por cento).<\/p>\n<p>Os reajustes dos sal\u00e1rios e t\u00edquetes de alimenta\u00e7\u00e3o\/refei\u00e7\u00e3o ser\u00e3o sobre os valores pagos em maio\/2021. As cl\u00e1usulas sociais da Conven\u00e7\u00e3o Coletiva de Trabalho (CCT) foram renovadas pelos pr\u00f3ximos dois anos e a Taxa Negocial Voluntaria(com o direito do trabalhador a se opor)foi ratificada por ampla maioria.<\/p>\n<p>Informamos ainda que assim que a Conven\u00e7\u00e3o Coletiva de Trabalho for assina porambas partes (SINDPD-ES x ACTION(SINDINFO)), estaremos disponibilizando no nosso site.<\/p>\n<p>N\u00e3o poder\u00edamos j\u00e1 mais esquecer de parabenizar a todos os trabalhadores presentes virtualmente na assembleia, que lotaram a nossa sala na plataforma do Zoom.Com a presen\u00e7ade mais de 100 trabalhadores fortalecendo o SINDPD-ES na luta pelos reajustes dos sal\u00e1rios e t\u00edquetes alimenta\u00e7\u00e3o\/refei\u00e7\u00e3o e pela manuten\u00e7\u00e3o de todos os benef\u00edcios da Conven\u00e7\u00e3o Coletiva de Trabalho, j\u00e1 conquistados.<\/p>\n<p>Luis Carlos Garcia (Mussula)<br \/>\nPresidente do SINDPD\/ES<\/p>\n<p>FORTALECENDO O SINDPD-ES, QUEM SAI FORTALECIDO \u00c9 VOC\u00ca!!!<\/p>\n","protected":false},"excerpt":{"rendered":"<p>Profissionais de T.I do Estado do Espirito Santo, aprovam Reajuste de 12% para 1\u00b0Maio de 2022. Na manh\u00e3 da \u00faltima ter\u00e7a-feira (10), os trabalhadores de T.I do Estado do Espirito Santo, representado pela SINDPD\/ES participaram em peso da ASSEMBLEIA GERAL EXTRAORDINARIA VIRTUAL e aprovaram a proposta de reajuste salarialalcan\u00e7ada pelo sindicato nas negocia\u00e7\u00f5es. Com pagamento &hellip;<\/p>\n<p class=\"read-more\"> <a class=\"\" href=\"https:\/\/sindpd-es.org.br\/site\/?p=25442\"> <span class=\"screen-reader-text\">CAMPANHA SALARIAL 2022\/2024<\/span> Leia mais &raquo;<\/a><\/p>\n","protected":false},"author":2,"featured_media":0,"comment_status":"open","ping_status":"open","sticky":false,"template":"","format":"standard","meta":{"pgc_meta":"","site-sidebar-layout":"default","site-content-layout":"default","ast-main-header-display":"","ast-hfb-above-header-display":"","ast-hfb-below-header-display":"","ast-hfb-mobile-header-display":"","site-post-title":"","ast-breadcrumbs-content":"","ast-featured-img":"","footer-sml-layout":"","theme-transparent-header-meta":"default","adv-header-id-meta":"","stick-header-meta":"","header-above-stick-meta":"","header-main-stick-meta":"","header-below-stick-meta":"","footnotes":""},"categories":[1],"tags":[],"class_list":["post-25442","post","type-post","status-publish","format-standard","hentry","category-noticias"],"_links":{"self":[{"href":"https:\/\/sindpd-es.org.br\/site\/index.php?rest_route=\/wp\/v2\/posts\/25442","targetHints":{"allow":["GET"]}}],"collection":[{"href":"https:\/\/sindpd-es.org.br\/site\/index.php?rest_route=\/wp\/v2\/posts"}],"about":[{"href":"https:\/\/sindpd-es.org.br\/site\/index.php?rest_route=\/wp\/v2\/types\/post"}],"author":[{"embeddable":true,"href":"https:\/\/sindpd-es.org.br\/site\/index.php?rest_route=\/wp\/v2\/users\/2"}],"replies":[{"embeddable":true,"href":"https:\/\/sindpd-es.org.br\/site\/index.php?rest_route=%2Fwp%2Fv2%2Fcomments&post=25442"}],"version-history":[{"count":1,"href":"https:\/\/sindpd-es.org.br\/site\/index.php?rest_route=\/wp\/v2\/posts\/25442\/revisions"}],"predecessor-version":[{"id":25443,"href":"https:\/\/sindpd-es.org.br\/site\/index.php?rest_route=\/wp\/v2\/posts\/25442\/revisions\/25443"}],"wp:attachment":[{"href":"https:\/\/sindpd-es.org.br\/site\/index.php?rest_route=%2Fwp%2Fv2%2Fmedia&parent=25442"}],"wp:term":[{"taxonomy":"category","embeddable":true,"href":"https:\/\/sindpd-es.org.br\/site\/index.php?rest_route=%2Fwp%2Fv2%2Fcategories&post=25442"},{"taxonomy":"post_tag","embeddable":true,"href":"https:\/\/sindpd-es.org.br\/site\/index.php?rest_route=%2Fwp%2Fv2%2Ftags&post=25442"}],"curies":[{"name":"wp","href":"https:\/\/api.w.org\/{rel}","templated":true}]}}