{"id":25410,"date":"2022-05-09T21:02:27","date_gmt":"2022-05-09T21:02:27","guid":{"rendered":"https:\/\/saytes.com.br\/sindpd\/?p=25410"},"modified":"2022-07-13T16:32:44","modified_gmt":"2022-07-13T16:32:44","slug":"informe-campanha-salarial","status":"publish","type":"post","link":"https:\/\/sindpd-es.org.br\/site\/?p=25410","title":{"rendered":"INFORME CAMPANHA SALARIAL"},"content":{"rendered":"<p><strong><u>INFORME<\/u><\/strong><strong><u>\u00a0DA CAMPANHA SALARIAL 2016<\/u><\/strong><\/p>\n<p>Conforme \u00e9 de conhecimento da categoria, o prazo dado pelo MPT\/ES na \u00faltima audi\u00eancia de media\u00e7\u00e3o para a aceita\u00e7\u00e3o da proposta pelo Sindicato Patronal se esgotou em 24\/03\/2017, sem que o mesmo tenha se posicionado, favoravelmente ou n\u00e3o, caracterizando total\u00a0<u>descaso com o compromisso assumido com o MPT<\/u>.<\/p>\n<p>Diante de todo empenho do SINDPD\/ES no processo e dos fatos j\u00e1 divulgados, onde temos, permanentemente, tentado defender os direitos dos (as) trabalhadores (as) duramente conquistados em anos de luta, bem como visando a recupera\u00e7\u00e3o das perdas salariais do per\u00edodo, vimos, lamentavelmente, informar que\u00a0<strong><u>n\u00e3o est\u00e1 havendo nenhum compromisso da representa\u00e7\u00e3o patronal<\/u><\/strong>\u00a0em reconhecer os\u00a0profissionais que movimentam a ind\u00fastria da Tecnologia da Informa\u00e7\u00e3o no Estado do Esp\u00edrito Santo, profissionais que produzem e enriquecem todo um segmento com conhecimento, dedica\u00e7\u00e3o e profissionalismo.<\/p>\n<p>Assim, diante da permanente postura\u00a0<strong><u>intransigente<\/u><\/strong>\u00a0do sindicato patronal, acompanhado por todos<strong>,<\/strong>\u00a0n\u00e3o nos coube outra solu\u00e7\u00e3o neste momento, a n\u00e3o ser\u00a0de contatar diretamente o Exmo. Procurador Dr. Estanislau Tallon Bozi, do MPT e pedir, devido ao n\u00e3o interesse do SINDINFO em n\u00e3o responder ao requerimento do MPT, que o mesmo enviasse o processo para o Desembargador relator, para que seja dado continuidade ao processo judicial, visando a defini\u00e7\u00e3o de nosso pleito referente ao diss\u00eddio de 2016 (perdas salariais e demais reivindica\u00e7\u00f5es), que n\u00e3o est\u00e3o sendo discutidas pela representa\u00e7\u00e3o patronal.<\/p>\n<p>Dessa forma,\u00a0 informamos que devido a esta situa\u00e7\u00e3o imposta, o processo seguir\u00e1 em curso na Justi\u00e7a do Trabalho \u2013 TRT 17\u00aa Regi\u00e3o e que as movimenta\u00e7\u00f5es podem ser acompanhadas no s\u00edtio:\u00a0<a href=\"http:\/\/www.trtes.jus.br\/\" target=\"_blank\" rel=\"noopener\">http:\/\/www.trtes.jus.br<\/a>\u00a0com o\u00a0<strong>n\u00ba 0000307-96.2016.17.5.0000<\/strong>\u00a0dando sequ\u00eancia ao diss\u00eddio econ\u00f4mico.<\/p>\n<p>Alertamos a todos que \u00e9 preciso se preparar ainda mais para enfrentamento do desmonte dos direitos trabalhistas e do desmonte da Previd\u00eancia Social em curso.<\/p>\n<p>Nunca desistiremos de lutar pelos direitos j\u00e1 conquistados!!!<\/p>\n<p>SINDPD\/ES<\/p>\n","protected":false},"excerpt":{"rendered":"<p>INFORME\u00a0DA CAMPANHA SALARIAL 2016 Conforme \u00e9 de conhecimento da categoria, o prazo dado pelo MPT\/ES na \u00faltima audi\u00eancia de media\u00e7\u00e3o para a aceita\u00e7\u00e3o da proposta pelo Sindicato Patronal se esgotou em 24\/03\/2017, sem que o mesmo tenha se posicionado, favoravelmente ou n\u00e3o, caracterizando total\u00a0descaso com o compromisso assumido com o MPT. Diante de todo empenho &hellip;<\/p>\n<p class=\"read-more\"> <a class=\"\" href=\"https:\/\/sindpd-es.org.br\/site\/?p=25410\"> <span class=\"screen-reader-text\">INFORME CAMPANHA SALARIAL<\/span> Leia mais &raquo;<\/a><\/p>\n","protected":false},"author":2,"featured_media":0,"comment_status":"open","ping_status":"open","sticky":false,"template":"","format":"standard","meta":{"pgc_meta":"","site-sidebar-layout":"default","site-content-layout":"default","ast-main-header-display":"","ast-hfb-above-header-display":"","ast-hfb-below-header-display":"","ast-hfb-mobile-header-display":"","site-post-title":"","ast-breadcrumbs-content":"","ast-featured-img":"","footer-sml-layout":"","theme-transparent-header-meta":"default","adv-header-id-meta":"","stick-header-meta":"","header-above-stick-meta":"","header-main-stick-meta":"","header-below-stick-meta":"","footnotes":""},"categories":[1],"tags":[],"class_list":["post-25410","post","type-post","status-publish","format-standard","hentry","category-noticias"],"_links":{"self":[{"href":"https:\/\/sindpd-es.org.br\/site\/index.php?rest_route=\/wp\/v2\/posts\/25410","targetHints":{"allow":["GET"]}}],"collection":[{"href":"https:\/\/sindpd-es.org.br\/site\/index.php?rest_route=\/wp\/v2\/posts"}],"about":[{"href":"https:\/\/sindpd-es.org.br\/site\/index.php?rest_route=\/wp\/v2\/types\/post"}],"author":[{"embeddable":true,"href":"https:\/\/sindpd-es.org.br\/site\/index.php?rest_route=\/wp\/v2\/users\/2"}],"replies":[{"embeddable":true,"href":"https:\/\/sindpd-es.org.br\/site\/index.php?rest_route=%2Fwp%2Fv2%2Fcomments&post=25410"}],"version-history":[{"count":1,"href":"https:\/\/sindpd-es.org.br\/site\/index.php?rest_route=\/wp\/v2\/posts\/25410\/revisions"}],"predecessor-version":[{"id":25411,"href":"https:\/\/sindpd-es.org.br\/site\/index.php?rest_route=\/wp\/v2\/posts\/25410\/revisions\/25411"}],"wp:attachment":[{"href":"https:\/\/sindpd-es.org.br\/site\/index.php?rest_route=%2Fwp%2Fv2%2Fmedia&parent=25410"}],"wp:term":[{"taxonomy":"category","embeddable":true,"href":"https:\/\/sindpd-es.org.br\/site\/index.php?rest_route=%2Fwp%2Fv2%2Fcategories&post=25410"},{"taxonomy":"post_tag","embeddable":true,"href":"https:\/\/sindpd-es.org.br\/site\/index.php?rest_route=%2Fwp%2Fv2%2Ftags&post=25410"}],"curies":[{"name":"wp","href":"https:\/\/api.w.org\/{rel}","templated":true}]}}