{"id":25406,"date":"2022-05-09T21:01:37","date_gmt":"2022-05-09T21:01:37","guid":{"rendered":"https:\/\/saytes.com.br\/sindpd\/?p=25406"},"modified":"2022-07-13T16:32:44","modified_gmt":"2022-07-13T16:32:44","slug":"comunicado-do-sindpd-es","status":"publish","type":"post","link":"https:\/\/sindpd-es.org.br\/site\/?p=25406","title":{"rendered":"Comunicado do SINDPD\/ES"},"content":{"rendered":"<p>A prop\u00f3sito da campanha contra o arrocho salarial e a retirada de direitos, e da audi\u00eancia do diss\u00eddio coletivo 2017.<\/p>\n<p>Conforme nosso comunicado, propusemos o diss\u00eddio coletivo em rela\u00e7\u00e3o \u00e0 data-se de 01.05.2017, e, sendo assim, foi convocada audi\u00eancia de tentativa de concilia\u00e7\u00e3o para o dia 29 de junho, \u00e0s 11h, sendo certo que a data-base de 01.05.2016, cujo diss\u00eddio foi extinto, sob o argumento de aus\u00eancia do &#8220;comum acordo&#8221;, conforme emenda n. 45 \u00e0 Constitui\u00e7\u00e3o, no caso ao art.114, uma das reformas antipovo que todos esses desgovernos vem fazendo, retirando ano a ano os direitos dos trabalhadores, barb\u00e1rie que se completa com as atuais reformas trabalhista e previdenci\u00e1ria, de Temer e seus c\u00famplices.<\/p>\n<p>Cabe lembrar que essa altera\u00e7\u00e3o efetuada na Constitui\u00e7\u00e3o, pelo governo do PT (Lula), \u00e9 inconstitucional, por afrontar o direito \u00e0 tutela jurisdicional, bem como os direitos\u00a0\u00a0\u00a0\u00a0\u00a0 sociais dos trabalhadores (art. 6o. e 7o.). Ris\u00edvel, ainda, que manteve o direito ao diss\u00eddio apenas aos empregadores, em caso de greve dos trabalhadores. Ou seja, o empregador pode ser recusar ao diss\u00eddio, mas n\u00e3o os trabalhadores em greve, podendo sofrer multas e at\u00e9 pris\u00f5es. Trata-se de emenda Robin Hood \u00e0s avessas, que d\u00e1 ao rico o que \u00e9 do pobre.<\/p>\n<p>Apesar da posi\u00e7\u00e3o progressista da maioria dos ju\u00edzes do TRT, que extinguiram o diss\u00eddio de 2016 seguindo a orienta\u00e7\u00e3o jurisprudencial do Tribunal Superior do Trabalho, e ainda por placar apertado (4 a 4), e da import\u00e2ncia da audi\u00eancia, como momento de protesto, n\u00e3o podemos guardar ilus\u00f5es nem com essa audi\u00eancia, nem com o julgamento do diss\u00eddio de 2017, pelo TRT. \u00c9 que, se o resultado n\u00e3o for o mesmo do anterior, for\u00e7osa seria a suspens\u00e3o do processo, considerando pendente est\u00e1 o julgamento, pelo STF (Superior Tribunal Federal), de repercuss\u00e3o geral (outra\u00a0\u00a0\u00a0\u00a0\u00a0 excresc\u00eancia da Emenda n. 45), que tamb\u00e9m afronta o direito \u00e0 tutela jurisdicional), onde se discute justamente a inconstitucionalidade daquela emenda, sendo Relator o Ministro Marco Aur\u00e9lio.<\/p>\n<p>A verdade \u00e9 que essa campanha, que j\u00e1 dura mais de um ano, \u00e9 apenas mais uma batalha de uma guerra que re\u00fane, de um lado, os banqueiros e grandes empres\u00e1rios, e de outro os trabalhadores, cada vez mais precarizados com a v\u00e1rias reformas trabalhista e da previd\u00eancia, da terceiriza\u00e7\u00e3o, do arrocho salarial e retirada de todos os direitos.<\/p>\n<p>N\u00e3o \u00e9 o Judici\u00e1rio, ao final um \u00f3rg\u00e3o do sistema (Gilmar Mendes, infelizmente, \u00e9 a sua cara), que vai garantir nossos direitos, mas n\u00f3s mesmos, lutando a cada dia, conscientizando os colegas, resistindo nos locais de trabalho, nas ruas, e toda e qualquer oportunidade em que possamos demonstrar a nossa import\u00e2ncia, pois somos n\u00f3s que produzimos a riqueza\u00a0 apropriada pelo patr\u00e3o, somos n\u00f3s que mantemos tudo funcionando,\u00a0 e, no caso, at\u00e9 mesmo a inform\u00e1tica que controla tudo, do transporte \u00e0s movimenta\u00e7\u00f5es banc\u00e1rias.<\/p>\n<p>Ent\u00e3o, companheiros, convidamos a todos a estarem presente na audi\u00eancia, que ser\u00e1 realizada no dia 29 de junho, \u00e0s 11h, no pleno do TRT, na Rua Pietr\u00e2ngelo de Biase, Centro, Vit\u00f3ria (ao lado da Caixa Econ\u00f4mica Federal), oportunidade em que vamos demonstrar para o Judici\u00e1rio a injusti\u00e7a que se abate sobre nossas fam\u00edlias, e veremos, cara a cara, os representantes dos patr\u00f5es.<\/p>\n<p>No intuito de nos organizamos estrategicamente, para audi\u00eancia do dia 29. E de levarmos propostas em caso de possibilidade de negocia\u00e7\u00e3o \u00e9 que O SINDPD\/ES, na forma de seu Estatuto Social, CONVOCA todos trabalhadores da\u00a0<strong><u>Categoria de Tecnologia da Informa\u00e7\u00e3o<\/u><\/strong><strong>\u00a0filiados ou n\u00e3o\u00a0<\/strong>para assembl\u00e9ia geral extraordin\u00e1ria,\u00a0<strong><u>a realizar-se no dia 19\/06\/2017 (SEGUNDA-FEIRA),<\/u><\/strong>\u00a0\u00e0s 19 horas, na sede do sindicato, situada a Rua General Os\u00f3rio, n\u00ba83 \u2013 ED. Portugal \u2013 10\u00ba andar \u2013 SL 1001\/1003 \u2013 Centro \u2013 Vitoria \u2013 ES.<\/p>\n<p>&nbsp;<\/p>\n<p>Mobilizar, resistir, greve tartaruga, com paralisa\u00e7\u00e3o a qualquer momento!<\/p>\n<p>&nbsp;<\/p>\n<p>Preparar a greve geral do dia 30 de junho, contra o arrocho salarial, as reformas trabalhista e previdenci\u00e1ria!<\/p>\n<p>&nbsp;<\/p>\n<p>A paci\u00eancia est\u00e1 acabando &#8211; os patr\u00f5es v\u00e3o pagar caro por tudo isso!<\/p>\n<p>&nbsp;<\/p>\n<p>Diretoria do SINDPD\/ES<\/p>\n<p>&nbsp;<\/p>\n<p>Comiss\u00e3o de Trabalhadores da<\/p>\n<p>Base &#8211; Campanha salarial 2016\/2017<\/p>\n","protected":false},"excerpt":{"rendered":"<p>A prop\u00f3sito da campanha contra o arrocho salarial e a retirada de direitos, e da audi\u00eancia do diss\u00eddio coletivo 2017. Conforme nosso comunicado, propusemos o diss\u00eddio coletivo em rela\u00e7\u00e3o \u00e0 data-se de 01.05.2017, e, sendo assim, foi convocada audi\u00eancia de tentativa de concilia\u00e7\u00e3o para o dia 29 de junho, \u00e0s 11h, sendo certo que a &hellip;<\/p>\n<p class=\"read-more\"> <a class=\"\" href=\"https:\/\/sindpd-es.org.br\/site\/?p=25406\"> <span class=\"screen-reader-text\">Comunicado do SINDPD\/ES<\/span> Leia mais &raquo;<\/a><\/p>\n","protected":false},"author":2,"featured_media":0,"comment_status":"open","ping_status":"open","sticky":false,"template":"","format":"standard","meta":{"pgc_meta":"","site-sidebar-layout":"default","site-content-layout":"default","ast-main-header-display":"","ast-hfb-above-header-display":"","ast-hfb-below-header-display":"","ast-hfb-mobile-header-display":"","site-post-title":"","ast-breadcrumbs-content":"","ast-featured-img":"","footer-sml-layout":"","theme-transparent-header-meta":"default","adv-header-id-meta":"","stick-header-meta":"","header-above-stick-meta":"","header-main-stick-meta":"","header-below-stick-meta":"","footnotes":""},"categories":[1],"tags":[],"class_list":["post-25406","post","type-post","status-publish","format-standard","hentry","category-noticias"],"_links":{"self":[{"href":"https:\/\/sindpd-es.org.br\/site\/index.php?rest_route=\/wp\/v2\/posts\/25406","targetHints":{"allow":["GET"]}}],"collection":[{"href":"https:\/\/sindpd-es.org.br\/site\/index.php?rest_route=\/wp\/v2\/posts"}],"about":[{"href":"https:\/\/sindpd-es.org.br\/site\/index.php?rest_route=\/wp\/v2\/types\/post"}],"author":[{"embeddable":true,"href":"https:\/\/sindpd-es.org.br\/site\/index.php?rest_route=\/wp\/v2\/users\/2"}],"replies":[{"embeddable":true,"href":"https:\/\/sindpd-es.org.br\/site\/index.php?rest_route=%2Fwp%2Fv2%2Fcomments&post=25406"}],"version-history":[{"count":1,"href":"https:\/\/sindpd-es.org.br\/site\/index.php?rest_route=\/wp\/v2\/posts\/25406\/revisions"}],"predecessor-version":[{"id":25407,"href":"https:\/\/sindpd-es.org.br\/site\/index.php?rest_route=\/wp\/v2\/posts\/25406\/revisions\/25407"}],"wp:attachment":[{"href":"https:\/\/sindpd-es.org.br\/site\/index.php?rest_route=%2Fwp%2Fv2%2Fmedia&parent=25406"}],"wp:term":[{"taxonomy":"category","embeddable":true,"href":"https:\/\/sindpd-es.org.br\/site\/index.php?rest_route=%2Fwp%2Fv2%2Fcategories&post=25406"},{"taxonomy":"post_tag","embeddable":true,"href":"https:\/\/sindpd-es.org.br\/site\/index.php?rest_route=%2Fwp%2Fv2%2Ftags&post=25406"}],"curies":[{"name":"wp","href":"https:\/\/api.w.org\/{rel}","templated":true}]}}