{"id":25400,"date":"2022-05-09T21:00:09","date_gmt":"2022-05-09T21:00:09","guid":{"rendered":"https:\/\/saytes.com.br\/sindpd\/?p=25400"},"modified":"2022-07-13T16:32:44","modified_gmt":"2022-07-13T16:32:44","slug":"edital-de-convocacao-serpro","status":"publish","type":"post","link":"https:\/\/sindpd-es.org.br\/site\/?p=25400","title":{"rendered":"EDITAL DE CONVOCA\u00c7\u00c3O SERPRO"},"content":{"rendered":"<p align=\"center\"><strong>ASSEMBL\u00c9IA GERAL EXTRAORDIN\u00c1RIA<\/strong><\/p>\n<p align=\"center\">\n<p>O SINDPD\/ES, na forma de seu Estatuto Social, CONVOCA os trabalhadores do\u00a0<strong><u>SERPRO<\/u><\/strong>\u00a0para assembl\u00e9ia geral extraordin\u00e1ria,\u00a0<strong><u>a realizar-se no dia 18\/09\/2019 (QUARTA-FEIRA),<\/u><\/strong>\u00a0\u00e0s 12h em primeira convoca\u00e7\u00e3o e n\u00e3o havendo qu\u00f3rum m\u00ednimo em primeira convoca\u00e7\u00e3o, \u00e0s 12h15 minutos em segunda convoca\u00e7\u00e3o com qualquer n\u00famero de presentes, no p\u00e1tio do pr\u00e9dio do Minist\u00e9rio da Fazenda, sito \u00e0 Rua Pietr\u00e2ngelo de Biase, n\u00ba 56, Centro, Vit\u00f3ria, ES, para discutirem e deliberarem sobre a seguintes ordens do dia:<\/p>\n<p>&nbsp;<\/p>\n<ol>\n<li>PLR 2019\/2020;<\/li>\n<li>Assuntos gerais.<\/li>\n<\/ol>\n<p align=\"center\">\n<p>&nbsp;<\/p>\n<p align=\"center\">Vit\u00f3ria, ES,\u00a017 de Setembro de 2019.<\/p>\n<p align=\"center\">\n<p align=\"center\"><strong>Luis Carlos Garcia<\/strong><\/p>\n<p align=\"center\"><strong>Diretor Presidente<\/strong><\/p>\n","protected":false},"excerpt":{"rendered":"<p>ASSEMBL\u00c9IA GERAL EXTRAORDIN\u00c1RIA O SINDPD\/ES, na forma de seu Estatuto Social, CONVOCA os trabalhadores do\u00a0SERPRO\u00a0para assembl\u00e9ia geral extraordin\u00e1ria,\u00a0a realizar-se no dia 18\/09\/2019 (QUARTA-FEIRA),\u00a0\u00e0s 12h em primeira convoca\u00e7\u00e3o e n\u00e3o havendo qu\u00f3rum m\u00ednimo em primeira convoca\u00e7\u00e3o, \u00e0s 12h15 minutos em segunda convoca\u00e7\u00e3o com qualquer n\u00famero de presentes, no p\u00e1tio do pr\u00e9dio do Minist\u00e9rio da Fazenda, sito &hellip;<\/p>\n<p class=\"read-more\"> <a class=\"\" href=\"https:\/\/sindpd-es.org.br\/site\/?p=25400\"> <span class=\"screen-reader-text\">EDITAL DE CONVOCA\u00c7\u00c3O SERPRO<\/span> Leia mais &raquo;<\/a><\/p>\n","protected":false},"author":2,"featured_media":0,"comment_status":"open","ping_status":"open","sticky":false,"template":"","format":"standard","meta":{"pgc_meta":"","site-sidebar-layout":"default","site-content-layout":"default","ast-main-header-display":"","ast-hfb-above-header-display":"","ast-hfb-below-header-display":"","ast-hfb-mobile-header-display":"","site-post-title":"","ast-breadcrumbs-content":"","ast-featured-img":"","footer-sml-layout":"","theme-transparent-header-meta":"default","adv-header-id-meta":"","stick-header-meta":"","header-above-stick-meta":"","header-main-stick-meta":"","header-below-stick-meta":"","footnotes":""},"categories":[1],"tags":[],"class_list":["post-25400","post","type-post","status-publish","format-standard","hentry","category-noticias"],"_links":{"self":[{"href":"https:\/\/sindpd-es.org.br\/site\/index.php?rest_route=\/wp\/v2\/posts\/25400","targetHints":{"allow":["GET"]}}],"collection":[{"href":"https:\/\/sindpd-es.org.br\/site\/index.php?rest_route=\/wp\/v2\/posts"}],"about":[{"href":"https:\/\/sindpd-es.org.br\/site\/index.php?rest_route=\/wp\/v2\/types\/post"}],"author":[{"embeddable":true,"href":"https:\/\/sindpd-es.org.br\/site\/index.php?rest_route=\/wp\/v2\/users\/2"}],"replies":[{"embeddable":true,"href":"https:\/\/sindpd-es.org.br\/site\/index.php?rest_route=%2Fwp%2Fv2%2Fcomments&post=25400"}],"version-history":[{"count":1,"href":"https:\/\/sindpd-es.org.br\/site\/index.php?rest_route=\/wp\/v2\/posts\/25400\/revisions"}],"predecessor-version":[{"id":25401,"href":"https:\/\/sindpd-es.org.br\/site\/index.php?rest_route=\/wp\/v2\/posts\/25400\/revisions\/25401"}],"wp:attachment":[{"href":"https:\/\/sindpd-es.org.br\/site\/index.php?rest_route=%2Fwp%2Fv2%2Fmedia&parent=25400"}],"wp:term":[{"taxonomy":"category","embeddable":true,"href":"https:\/\/sindpd-es.org.br\/site\/index.php?rest_route=%2Fwp%2Fv2%2Fcategories&post=25400"},{"taxonomy":"post_tag","embeddable":true,"href":"https:\/\/sindpd-es.org.br\/site\/index.php?rest_route=%2Fwp%2Fv2%2Ftags&post=25400"}],"curies":[{"name":"wp","href":"https:\/\/api.w.org\/{rel}","templated":true}]}}