{"id":25398,"date":"2022-05-09T20:59:42","date_gmt":"2022-05-09T20:59:42","guid":{"rendered":"https:\/\/saytes.com.br\/sindpd\/?p=25398"},"modified":"2022-07-13T16:32:44","modified_gmt":"2022-07-13T16:32:44","slug":"edital-de-convocacao-dataprev","status":"publish","type":"post","link":"https:\/\/sindpd-es.org.br\/site\/?p=25398","title":{"rendered":"EDITAL DE CONVOCA\u00c7\u00c3O DATAPREV"},"content":{"rendered":"<p align=\"center\"><strong>ASSEMBL\u00c9IA GERAL EXTRAORDIN\u00c1RIA<\/strong><\/p>\n<p><strong>O SINDICATO DOS EMPREGADOS EM EMPRESAS DE PROCESSAMENTO DE DADOS E TRABALHADORES EM INFORM\u00c1TICA DO ESTADO DO ESP\u00cdRITO SANTO<\/strong>, na forma de seu Estatuto Social, CONVOCA\u00a0<strong><u>todos os Trabalhadores da DATAPREV<\/u>\u00a0<\/strong>para assembl\u00e9ia geral extraordin\u00e1ria, a realizar-se no dia 18\/09\/2019 (quarta-feira), \u00e0s 10 horas em primeira convoca\u00e7\u00e3o e n\u00e3o havendo quorum m\u00ednimo em primeira convoca\u00e7\u00e3o, \u00e0s 10 horas e 15 minutos em segunda convoca\u00e7\u00e3o com qualquer n\u00famero de presentes, na sede da DATAPREV-ES, para discutirem e deliberarem sobre a seguinte ordem do dia:<\/p>\n<p>1 \u2013 PLR 2019;<\/p>\n<p>2 \u2013\u00a0Taxa Negocial da PLR;<\/p>\n<p>2 &#8211; Assuntos gerais.<\/p>\n<p align=\"center\">\n<p align=\"center\">Vit\u00f3ria, ES, 17 de setembro de 2019.<\/p>\n<p align=\"center\"><strong>Luis Carlos Garcia<\/strong><\/p>\n<p align=\"center\"><strong>Diretor Presidente<\/strong><\/p>\n","protected":false},"excerpt":{"rendered":"<p>ASSEMBL\u00c9IA GERAL EXTRAORDIN\u00c1RIA O SINDICATO DOS EMPREGADOS EM EMPRESAS DE PROCESSAMENTO DE DADOS E TRABALHADORES EM INFORM\u00c1TICA DO ESTADO DO ESP\u00cdRITO SANTO, na forma de seu Estatuto Social, CONVOCA\u00a0todos os Trabalhadores da DATAPREV\u00a0para assembl\u00e9ia geral extraordin\u00e1ria, a realizar-se no dia 18\/09\/2019 (quarta-feira), \u00e0s 10 horas em primeira convoca\u00e7\u00e3o e n\u00e3o havendo quorum m\u00ednimo em primeira &hellip;<\/p>\n<p class=\"read-more\"> <a class=\"\" href=\"https:\/\/sindpd-es.org.br\/site\/?p=25398\"> <span class=\"screen-reader-text\">EDITAL DE CONVOCA\u00c7\u00c3O DATAPREV<\/span> Leia mais &raquo;<\/a><\/p>\n","protected":false},"author":2,"featured_media":0,"comment_status":"open","ping_status":"open","sticky":false,"template":"","format":"standard","meta":{"pgc_meta":"","site-sidebar-layout":"default","site-content-layout":"default","ast-main-header-display":"","ast-hfb-above-header-display":"","ast-hfb-below-header-display":"","ast-hfb-mobile-header-display":"","site-post-title":"","ast-breadcrumbs-content":"","ast-featured-img":"","footer-sml-layout":"","theme-transparent-header-meta":"default","adv-header-id-meta":"","stick-header-meta":"","header-above-stick-meta":"","header-main-stick-meta":"","header-below-stick-meta":"","footnotes":""},"categories":[1],"tags":[],"class_list":["post-25398","post","type-post","status-publish","format-standard","hentry","category-noticias"],"_links":{"self":[{"href":"https:\/\/sindpd-es.org.br\/site\/index.php?rest_route=\/wp\/v2\/posts\/25398","targetHints":{"allow":["GET"]}}],"collection":[{"href":"https:\/\/sindpd-es.org.br\/site\/index.php?rest_route=\/wp\/v2\/posts"}],"about":[{"href":"https:\/\/sindpd-es.org.br\/site\/index.php?rest_route=\/wp\/v2\/types\/post"}],"author":[{"embeddable":true,"href":"https:\/\/sindpd-es.org.br\/site\/index.php?rest_route=\/wp\/v2\/users\/2"}],"replies":[{"embeddable":true,"href":"https:\/\/sindpd-es.org.br\/site\/index.php?rest_route=%2Fwp%2Fv2%2Fcomments&post=25398"}],"version-history":[{"count":1,"href":"https:\/\/sindpd-es.org.br\/site\/index.php?rest_route=\/wp\/v2\/posts\/25398\/revisions"}],"predecessor-version":[{"id":25399,"href":"https:\/\/sindpd-es.org.br\/site\/index.php?rest_route=\/wp\/v2\/posts\/25398\/revisions\/25399"}],"wp:attachment":[{"href":"https:\/\/sindpd-es.org.br\/site\/index.php?rest_route=%2Fwp%2Fv2%2Fmedia&parent=25398"}],"wp:term":[{"taxonomy":"category","embeddable":true,"href":"https:\/\/sindpd-es.org.br\/site\/index.php?rest_route=%2Fwp%2Fv2%2Fcategories&post=25398"},{"taxonomy":"post_tag","embeddable":true,"href":"https:\/\/sindpd-es.org.br\/site\/index.php?rest_route=%2Fwp%2Fv2%2Ftags&post=25398"}],"curies":[{"name":"wp","href":"https:\/\/api.w.org\/{rel}","templated":true}]}}