{"id":25396,"date":"2022-05-09T20:59:09","date_gmt":"2022-05-09T20:59:09","guid":{"rendered":"https:\/\/saytes.com.br\/sindpd\/?p=25396"},"modified":"2022-07-13T16:32:44","modified_gmt":"2022-07-13T16:32:44","slug":"nota-ao-publico","status":"publish","type":"post","link":"https:\/\/sindpd-es.org.br\/site\/?p=25396","title":{"rendered":"NOTA AO P\u00daBLICO"},"content":{"rendered":"<p>O Sindicato dos Trabalhadores em Empresas de Tecnologia da Informa\u00e7\u00e3o e Comunica\u00e7\u00e3o de Dados do Estado do Esp\u00edrito Santo SINDPD vem a p\u00fablico informar que, diante do grave cen\u00e1rio decorrente da pandemia do Coronav\u00edrus, retomar\u00e1 o processo eleitoral para a Gest\u00e3o 2020\/2023 t\u00e3o logo a situa\u00e7\u00e3o atual se normalize.<br \/>\nTal medida decorre da necessidade de garantia de preserva\u00e7\u00e3o da sa\u00fade de todos os trabalhadores, filiados ou n\u00e3o, seus familiares, al\u00e9m da busca pela ampla participa\u00e7\u00e3o e da legitimidade de um processo eleitoral transparente e seguro.<br \/>\nEm decorr\u00eancia de medidas adotadas pelos governos em diferentes n\u00edveis, a circula\u00e7\u00e3o de pessoas n\u00e3o \u00e9 recomendada para evitar o cont\u00e1gio e dissemina\u00e7\u00e3o do v\u00edrus, o que justifica a suspens\u00e3o do processo eleitoral do SINDPD-ES, em curso, at\u00e9 que um novo contexto de sa\u00fade p\u00fablica sobrevenha e permita que a normalidade se restabele\u00e7a.<br \/>\nDiante do exposto, a Comiss\u00e3o Eleitoral e Diretoria do SINDPD-ES se coloca \u00e0 disposi\u00e7\u00e3o para dirimir eventuais d\u00favidas atrav\u00e9s do telefone (27) 99979-4671.<\/p>\n<p>Vit\u00f3ria\/ES, 23 de mar\u00e7o de 2020.<\/p>\n","protected":false},"excerpt":{"rendered":"<p>O Sindicato dos Trabalhadores em Empresas de Tecnologia da Informa\u00e7\u00e3o e Comunica\u00e7\u00e3o de Dados do Estado do Esp\u00edrito Santo SINDPD vem a p\u00fablico informar que, diante do grave cen\u00e1rio decorrente da pandemia do Coronav\u00edrus, retomar\u00e1 o processo eleitoral para a Gest\u00e3o 2020\/2023 t\u00e3o logo a situa\u00e7\u00e3o atual se normalize. Tal medida decorre da necessidade de &hellip;<\/p>\n<p class=\"read-more\"> <a class=\"\" href=\"https:\/\/sindpd-es.org.br\/site\/?p=25396\"> <span class=\"screen-reader-text\">NOTA AO P\u00daBLICO<\/span> Leia mais &raquo;<\/a><\/p>\n","protected":false},"author":2,"featured_media":0,"comment_status":"open","ping_status":"open","sticky":false,"template":"","format":"standard","meta":{"pgc_meta":"","site-sidebar-layout":"default","site-content-layout":"default","ast-main-header-display":"","ast-hfb-above-header-display":"","ast-hfb-below-header-display":"","ast-hfb-mobile-header-display":"","site-post-title":"","ast-breadcrumbs-content":"","ast-featured-img":"","footer-sml-layout":"","theme-transparent-header-meta":"default","adv-header-id-meta":"","stick-header-meta":"","header-above-stick-meta":"","header-main-stick-meta":"","header-below-stick-meta":"","footnotes":""},"categories":[1],"tags":[],"class_list":["post-25396","post","type-post","status-publish","format-standard","hentry","category-noticias"],"_links":{"self":[{"href":"https:\/\/sindpd-es.org.br\/site\/index.php?rest_route=\/wp\/v2\/posts\/25396","targetHints":{"allow":["GET"]}}],"collection":[{"href":"https:\/\/sindpd-es.org.br\/site\/index.php?rest_route=\/wp\/v2\/posts"}],"about":[{"href":"https:\/\/sindpd-es.org.br\/site\/index.php?rest_route=\/wp\/v2\/types\/post"}],"author":[{"embeddable":true,"href":"https:\/\/sindpd-es.org.br\/site\/index.php?rest_route=\/wp\/v2\/users\/2"}],"replies":[{"embeddable":true,"href":"https:\/\/sindpd-es.org.br\/site\/index.php?rest_route=%2Fwp%2Fv2%2Fcomments&post=25396"}],"version-history":[{"count":1,"href":"https:\/\/sindpd-es.org.br\/site\/index.php?rest_route=\/wp\/v2\/posts\/25396\/revisions"}],"predecessor-version":[{"id":25397,"href":"https:\/\/sindpd-es.org.br\/site\/index.php?rest_route=\/wp\/v2\/posts\/25396\/revisions\/25397"}],"wp:attachment":[{"href":"https:\/\/sindpd-es.org.br\/site\/index.php?rest_route=%2Fwp%2Fv2%2Fmedia&parent=25396"}],"wp:term":[{"taxonomy":"category","embeddable":true,"href":"https:\/\/sindpd-es.org.br\/site\/index.php?rest_route=%2Fwp%2Fv2%2Fcategories&post=25396"},{"taxonomy":"post_tag","embeddable":true,"href":"https:\/\/sindpd-es.org.br\/site\/index.php?rest_route=%2Fwp%2Fv2%2Ftags&post=25396"}],"curies":[{"name":"wp","href":"https:\/\/api.w.org\/{rel}","templated":true}]}}